{"id":1136,"count":3,"description":"<strong>Panneaux Werzalit compact<\/strong> moul\u00e9s et stratifi\u00e9s avec papier d\u00e9coratif, finitions r\u00e9sistantes \u00e0 l'eau et ignifuges pour le march\u00e9 h\u00f4telier professionnel. Pour une utilisation int\u00e9rieure et ext\u00e9rieure selon la gamme de couleurs, les couleurs sombres ne conviennent pas \u00e0 une utilisation ext\u00e9rieure.","link":"https:\/\/reyma-mobiliario.com\/fr\/categorie-produit\/plateaux\/werzalit-compact-fr\/","name":"Werzalit Compact","slug":"werzalit-compact-fr","taxonomy":"product_cat","parent":1133,"meta":[],"menu_order":35,"_links":{"self":[{"href":"https:\/\/reyma-mobiliario.com\/fr\/wp-json\/wp\/v2\/product_cat\/1136","targetHints":{"allow":["GET"]}}],"collection":[{"href":"https:\/\/reyma-mobiliario.com\/fr\/wp-json\/wp\/v2\/product_cat"}],"about":[{"href":"https:\/\/reyma-mobiliario.com\/fr\/wp-json\/wp\/v2\/taxonomies\/product_cat"}],"up":[{"embeddable":true,"href":"https:\/\/reyma-mobiliario.com\/fr\/wp-json\/wp\/v2\/product_cat\/1133"}],"wp:post_type":[{"href":"https:\/\/reyma-mobiliario.com\/fr\/wp-json\/wp\/v2\/product?product_cat=1136"}],"curies":[{"name":"wp","href":"https:\/\/api.w.org\/{rel}","templated":true}]}}